{"id":2338,"date":"2022-11-17T07:10:51","date_gmt":"2022-11-17T06:10:51","guid":{"rendered":"https:\/\/fcsjelche.umh.es\/?p=2338"},"modified":"2022-11-17T07:10:51","modified_gmt":"2022-11-17T06:10:51","slug":"el-grado-en-comunicacion-audiovisual-y-el-grado-en-periodismo-han-organizado-el-taller-como-construir-un-equipo-de-alto-rendimiento","status":"publish","type":"post","link":"https:\/\/fcsjelche.umh.es\/ca\/2022\/11\/17\/el-grado-en-comunicacion-audiovisual-y-el-grado-en-periodismo-han-organizado-el-taller-como-construir-un-equipo-de-alto-rendimiento\/","title":{"rendered":"<span lang=\"es\">(Espa\u00f1ol) El Grado en Comunicaci\u00f3n Audiovisual y el Grado en Periodismo han organizado el Taller C\u00f3mo Construir un Equipo de Alto Rendimiento<\/span>"},"content":{"rendered":"<p class=\"qtranxs-available-languages-message qtranxs-available-languages-message-ca\">Ho sentim, aquesta entrada es troba disponible \u00fanicament en <a href=\"https:\/\/fcsjelche.umh.es\/es\/wp-json\/wp\/v2\/posts\/2338\" class=\"qtranxs-available-language-link qtranxs-available-language-link-es\" title=\"Espa\u00f1ol\">Espanyol Europeu<\/a>.<\/p>","protected":false},"excerpt":{"rendered":"<p>Ho sentim, aquesta entrada es troba disponible \u00fanicament en Espanyol Europeu.<\/p>\n","protected":false},"author":1724,"featured_media":0,"comment_status":"closed","ping_status":"open","sticky":false,"template":"","format":"standard","meta":{"_links_to":"","_links_to_target":""},"categories":[1362655,424837,350276,991,766,721],"tags":[],"_links":{"self":[{"href":"https:\/\/fcsjelche.umh.es\/ca\/wp-json\/wp\/v2\/posts\/2338"}],"collection":[{"href":"https:\/\/fcsjelche.umh.es\/ca\/wp-json\/wp\/v2\/posts"}],"about":[{"href":"https:\/\/fcsjelche.umh.es\/ca\/wp-json\/wp\/v2\/types\/post"}],"author":[{"embeddable":true,"href":"https:\/\/fcsjelche.umh.es\/ca\/wp-json\/wp\/v2\/users\/1724"}],"replies":[{"embeddable":true,"href":"https:\/\/fcsjelche.umh.es\/ca\/wp-json\/wp\/v2\/comments?post=2338"}],"version-history":[{"count":0,"href":"https:\/\/fcsjelche.umh.es\/ca\/wp-json\/wp\/v2\/posts\/2338\/revisions"}],"wp:attachment":[{"href":"https:\/\/fcsjelche.umh.es\/ca\/wp-json\/wp\/v2\/media?parent=2338"}],"wp:term":[{"taxonomy":"category","embeddable":true,"href":"https:\/\/fcsjelche.umh.es\/ca\/wp-json\/wp\/v2\/categories?post=2338"},{"taxonomy":"post_tag","embeddable":true,"href":"https:\/\/fcsjelche.umh.es\/ca\/wp-json\/wp\/v2\/tags?post=2338"}],"curies":[{"name":"wp","href":"https:\/\/api.w.org\/{rel}","templated":true}]}}