{"id":2458,"date":"2023-02-10T08:22:53","date_gmt":"2023-02-10T07:22:53","guid":{"rendered":"https:\/\/fcsjelche.umh.es\/?p=2458"},"modified":"2023-02-10T08:23:18","modified_gmt":"2023-02-10T07:23:18","slug":"la-estudiante-del-grado-en-administracion-y-direccion-de-empresas-laura-diez-esclapez-premio-carlos-ros-de-economia-empresa-y-fiscalidad","status":"publish","type":"post","link":"https:\/\/fcsjelche.umh.es\/ca\/2023\/02\/10\/la-estudiante-del-grado-en-administracion-y-direccion-de-empresas-laura-diez-esclapez-premio-carlos-ros-de-economia-empresa-y-fiscalidad\/","title":{"rendered":"<span lang=\"es\">(Espa\u00f1ol) La estudiante del Grado en Administraci\u00f3n y Direcci\u00f3n de Empresas, Laura D\u00edez Esclapez, Premio Carlos Ros de Econom\u00eda, Empresa y Fiscalidad<\/span>"},"content":{"rendered":"<p class=\"qtranxs-available-languages-message qtranxs-available-languages-message-ca\">Ho sentim, aquesta entrada es troba disponible \u00fanicament en <a href=\"https:\/\/fcsjelche.umh.es\/es\/wp-json\/wp\/v2\/posts\/2458\" class=\"qtranxs-available-language-link qtranxs-available-language-link-es\" title=\"Espa\u00f1ol\">Espanyol Europeu<\/a>.<\/p>","protected":false},"excerpt":{"rendered":"<p>Ho sentim, aquesta entrada es troba disponible \u00fanicament en Espanyol Europeu.<\/p>\n","protected":false},"author":1724,"featured_media":0,"comment_status":"closed","ping_status":"open","sticky":false,"template":"","format":"standard","meta":{"_links_to":"","_links_to_target":""},"categories":[2183,632,2145,10239],"tags":[],"_links":{"self":[{"href":"https:\/\/fcsjelche.umh.es\/ca\/wp-json\/wp\/v2\/posts\/2458"}],"collection":[{"href":"https:\/\/fcsjelche.umh.es\/ca\/wp-json\/wp\/v2\/posts"}],"about":[{"href":"https:\/\/fcsjelche.umh.es\/ca\/wp-json\/wp\/v2\/types\/post"}],"author":[{"embeddable":true,"href":"https:\/\/fcsjelche.umh.es\/ca\/wp-json\/wp\/v2\/users\/1724"}],"replies":[{"embeddable":true,"href":"https:\/\/fcsjelche.umh.es\/ca\/wp-json\/wp\/v2\/comments?post=2458"}],"version-history":[{"count":0,"href":"https:\/\/fcsjelche.umh.es\/ca\/wp-json\/wp\/v2\/posts\/2458\/revisions"}],"wp:attachment":[{"href":"https:\/\/fcsjelche.umh.es\/ca\/wp-json\/wp\/v2\/media?parent=2458"}],"wp:term":[{"taxonomy":"category","embeddable":true,"href":"https:\/\/fcsjelche.umh.es\/ca\/wp-json\/wp\/v2\/categories?post=2458"},{"taxonomy":"post_tag","embeddable":true,"href":"https:\/\/fcsjelche.umh.es\/ca\/wp-json\/wp\/v2\/tags?post=2458"}],"curies":[{"name":"wp","href":"https:\/\/api.w.org\/{rel}","templated":true}]}}