{"id":3974,"date":"2025-02-24T17:09:46","date_gmt":"2025-02-24T16:09:46","guid":{"rendered":"https:\/\/fcsjelche.umh.es\/?p=3974"},"modified":"2025-02-25T09:02:34","modified_gmt":"2025-02-25T08:02:34","slug":"seminario-sobre-politicas-de-los-bancos-centrales-en-la-facultad-de-ciencias-sociales-y-juridicas-de-elche","status":"publish","type":"post","link":"https:\/\/fcsjelche.umh.es\/ca\/2025\/02\/24\/seminario-sobre-politicas-de-los-bancos-centrales-en-la-facultad-de-ciencias-sociales-y-juridicas-de-elche\/","title":{"rendered":"<span lang=\"es\">(Espa\u00f1ol) Conferencia sobre Pol\u00edticas de los Bancos Centrales en la Facultad de Ciencias Sociales y Jur\u00eddicas de Elche<\/span>"},"content":{"rendered":"<p class=\"qtranxs-available-languages-message qtranxs-available-languages-message-ca\">Ho sentim, aquesta entrada es troba disponible \u00fanicament en <a href=\"https:\/\/fcsjelche.umh.es\/es\/wp-json\/wp\/v2\/posts\/3974\" class=\"qtranxs-available-language-link qtranxs-available-language-link-es\" title=\"Espa\u00f1ol\">Espanyol Europeu<\/a>.<\/p>","protected":false},"excerpt":{"rendered":"<p>Ho sentim, aquesta entrada es troba disponible \u00fanicament en Espanyol Europeu.<\/p>\n","protected":false},"author":3712,"featured_media":0,"comment_status":"closed","ping_status":"open","sticky":false,"template":"","format":"standard","meta":{"_links_to":"","_links_to_target":""},"categories":[1362655],"tags":[],"_links":{"self":[{"href":"https:\/\/fcsjelche.umh.es\/ca\/wp-json\/wp\/v2\/posts\/3974"}],"collection":[{"href":"https:\/\/fcsjelche.umh.es\/ca\/wp-json\/wp\/v2\/posts"}],"about":[{"href":"https:\/\/fcsjelche.umh.es\/ca\/wp-json\/wp\/v2\/types\/post"}],"author":[{"embeddable":true,"href":"https:\/\/fcsjelche.umh.es\/ca\/wp-json\/wp\/v2\/users\/3712"}],"replies":[{"embeddable":true,"href":"https:\/\/fcsjelche.umh.es\/ca\/wp-json\/wp\/v2\/comments?post=3974"}],"version-history":[{"count":0,"href":"https:\/\/fcsjelche.umh.es\/ca\/wp-json\/wp\/v2\/posts\/3974\/revisions"}],"wp:attachment":[{"href":"https:\/\/fcsjelche.umh.es\/ca\/wp-json\/wp\/v2\/media?parent=3974"}],"wp:term":[{"taxonomy":"category","embeddable":true,"href":"https:\/\/fcsjelche.umh.es\/ca\/wp-json\/wp\/v2\/categories?post=3974"},{"taxonomy":"post_tag","embeddable":true,"href":"https:\/\/fcsjelche.umh.es\/ca\/wp-json\/wp\/v2\/tags?post=3974"}],"curies":[{"name":"wp","href":"https:\/\/api.w.org\/{rel}","templated":true}]}}