{"id":1556,"date":"2021-07-02T06:44:21","date_gmt":"2021-07-02T04:44:21","guid":{"rendered":"https:\/\/fcsjelche.umh.es\/?p=1556"},"modified":"2021-07-02T06:44:21","modified_gmt":"2021-07-02T04:44:21","slug":"un-proyecto-de-miniserie-elaborado-por-estudiantes-de-comunicacion-audiovisual-de-la-umh-seleccionado-en-la-tercera-edicion-del-talent-audiovisual-universitari-pitching-universitats-valencianes","status":"publish","type":"post","link":"https:\/\/fcsjelche.umh.es\/en\/2021\/07\/02\/un-proyecto-de-miniserie-elaborado-por-estudiantes-de-comunicacion-audiovisual-de-la-umh-seleccionado-en-la-tercera-edicion-del-talent-audiovisual-universitari-pitching-universitats-valencianes\/","title":{"rendered":"<span lang=\"es\">(Espa\u00f1ol) Un proyecto de miniserie elaborado por estudiantes de Comunicaci\u00f3n Audiovisual de la UMH seleccionado en la tercera edici\u00f3n del Talent Audiovisual Universitari, Pitching Universitats Valencianes \u2013 Sector Audiovisual<\/span>"},"content":{"rendered":"<p class=\"qtranxs-available-languages-message qtranxs-available-languages-message-en\">Sorry, this entry is only available in <a href=\"https:\/\/fcsjelche.umh.es\/es\/wp-json\/wp\/v2\/posts\/1556\" class=\"qtranxs-available-language-link qtranxs-available-language-link-es\" title=\"Espa\u00f1ol\">European Spanish<\/a>.<\/p>","protected":false},"excerpt":{"rendered":"<p>Sorry, this entry is only available in European Spanish.<\/p>\n","protected":false},"author":1724,"featured_media":0,"comment_status":"closed","ping_status":"open","sticky":false,"template":"","format":"standard","meta":{"_links_to":"","_links_to_target":""},"categories":[350276,991],"tags":[424844],"_links":{"self":[{"href":"https:\/\/fcsjelche.umh.es\/en\/wp-json\/wp\/v2\/posts\/1556"}],"collection":[{"href":"https:\/\/fcsjelche.umh.es\/en\/wp-json\/wp\/v2\/posts"}],"about":[{"href":"https:\/\/fcsjelche.umh.es\/en\/wp-json\/wp\/v2\/types\/post"}],"author":[{"embeddable":true,"href":"https:\/\/fcsjelche.umh.es\/en\/wp-json\/wp\/v2\/users\/1724"}],"replies":[{"embeddable":true,"href":"https:\/\/fcsjelche.umh.es\/en\/wp-json\/wp\/v2\/comments?post=1556"}],"version-history":[{"count":0,"href":"https:\/\/fcsjelche.umh.es\/en\/wp-json\/wp\/v2\/posts\/1556\/revisions"}],"wp:attachment":[{"href":"https:\/\/fcsjelche.umh.es\/en\/wp-json\/wp\/v2\/media?parent=1556"}],"wp:term":[{"taxonomy":"category","embeddable":true,"href":"https:\/\/fcsjelche.umh.es\/en\/wp-json\/wp\/v2\/categories?post=1556"},{"taxonomy":"post_tag","embeddable":true,"href":"https:\/\/fcsjelche.umh.es\/en\/wp-json\/wp\/v2\/tags?post=1556"}],"curies":[{"name":"wp","href":"https:\/\/api.w.org\/{rel}","templated":true}]}}