{"id":2263,"date":"2022-09-28T09:55:58","date_gmt":"2022-09-28T07:55:58","guid":{"rendered":"https:\/\/fcsjelche.umh.es\/?p=2263"},"modified":"2022-09-28T09:55:58","modified_gmt":"2022-09-28T07:55:58","slug":"la-alumni-de-cau-cynthia-ferez-alarcon-gana-el-premio-tfg-a-la-investigacion-2022-del-instituto-juan-gil-albert","status":"publish","type":"post","link":"https:\/\/fcsjelche.umh.es\/en\/2022\/09\/28\/la-alumni-de-cau-cynthia-ferez-alarcon-gana-el-premio-tfg-a-la-investigacion-2022-del-instituto-juan-gil-albert\/","title":{"rendered":"<span lang=\"es\">(Espa\u00f1ol) La alumni de CAU Cynthia F\u00e9rez Alarc\u00f3n gana el Premio TFG a la Investigaci\u00f3n 2022 del Instituto Juan Gil Albert<\/span>"},"content":{"rendered":"<p class=\"qtranxs-available-languages-message qtranxs-available-languages-message-en\">Sorry, this entry is only available in <a href=\"https:\/\/fcsjelche.umh.es\/es\/wp-json\/wp\/v2\/posts\/2263\" class=\"qtranxs-available-language-link qtranxs-available-language-link-es\" title=\"Espa\u00f1ol\">European Spanish<\/a>.<\/p>","protected":false},"excerpt":{"rendered":"<p>Sorry, this entry is only available in European Spanish.<\/p>\n","protected":false},"author":1724,"featured_media":0,"comment_status":"closed","ping_status":"open","sticky":false,"template":"","format":"standard","meta":{"_links_to":"","_links_to_target":""},"categories":[4047,991,2145,10239],"tags":[],"_links":{"self":[{"href":"https:\/\/fcsjelche.umh.es\/en\/wp-json\/wp\/v2\/posts\/2263"}],"collection":[{"href":"https:\/\/fcsjelche.umh.es\/en\/wp-json\/wp\/v2\/posts"}],"about":[{"href":"https:\/\/fcsjelche.umh.es\/en\/wp-json\/wp\/v2\/types\/post"}],"author":[{"embeddable":true,"href":"https:\/\/fcsjelche.umh.es\/en\/wp-json\/wp\/v2\/users\/1724"}],"replies":[{"embeddable":true,"href":"https:\/\/fcsjelche.umh.es\/en\/wp-json\/wp\/v2\/comments?post=2263"}],"version-history":[{"count":0,"href":"https:\/\/fcsjelche.umh.es\/en\/wp-json\/wp\/v2\/posts\/2263\/revisions"}],"wp:attachment":[{"href":"https:\/\/fcsjelche.umh.es\/en\/wp-json\/wp\/v2\/media?parent=2263"}],"wp:term":[{"taxonomy":"category","embeddable":true,"href":"https:\/\/fcsjelche.umh.es\/en\/wp-json\/wp\/v2\/categories?post=2263"},{"taxonomy":"post_tag","embeddable":true,"href":"https:\/\/fcsjelche.umh.es\/en\/wp-json\/wp\/v2\/tags?post=2263"}],"curies":[{"name":"wp","href":"https:\/\/api.w.org\/{rel}","templated":true}]}}