{"id":2353,"date":"2022-11-17T07:30:42","date_gmt":"2022-11-17T06:30:42","guid":{"rendered":"https:\/\/fcsjelche.umh.es\/?p=2353"},"modified":"2022-11-17T07:32:05","modified_gmt":"2022-11-17T06:32:05","slug":"el-vicedecano-de-la-facultad-de-ciencias-juridicas-y-sociales-de-la-universidad-del-litoral-argentina-visita-la-facultad-de-ciencias-sociales-y-juridicas-de-elche","status":"publish","type":"post","link":"https:\/\/fcsjelche.umh.es\/en\/2022\/11\/17\/el-vicedecano-de-la-facultad-de-ciencias-juridicas-y-sociales-de-la-universidad-del-litoral-argentina-visita-la-facultad-de-ciencias-sociales-y-juridicas-de-elche\/","title":{"rendered":"<span lang=\"es\">(Espa\u00f1ol) El Vicedecano de la Facultad de Ciencias Jur\u00eddicas y Sociales de la Universidad del Litoral (Argentina) visita la Facultad de Ciencias Sociales y Jur\u00eddicas de Elche<\/span>"},"content":{"rendered":"<p class=\"qtranxs-available-languages-message qtranxs-available-languages-message-en\">Sorry, this entry is only available in <a href=\"https:\/\/fcsjelche.umh.es\/es\/wp-json\/wp\/v2\/posts\/2353\" class=\"qtranxs-available-language-link qtranxs-available-language-link-es\" title=\"Espa\u00f1ol\">European Spanish<\/a>.<\/p>","protected":false},"excerpt":{"rendered":"<p>Sorry, this entry is only available in European Spanish.<\/p>\n","protected":false},"author":1724,"featured_media":0,"comment_status":"closed","ping_status":"open","sticky":false,"template":"","format":"standard","meta":{"_links_to":"","_links_to_target":""},"categories":[1362655,424837,3060,568,635,47711],"tags":[],"_links":{"self":[{"href":"https:\/\/fcsjelche.umh.es\/en\/wp-json\/wp\/v2\/posts\/2353"}],"collection":[{"href":"https:\/\/fcsjelche.umh.es\/en\/wp-json\/wp\/v2\/posts"}],"about":[{"href":"https:\/\/fcsjelche.umh.es\/en\/wp-json\/wp\/v2\/types\/post"}],"author":[{"embeddable":true,"href":"https:\/\/fcsjelche.umh.es\/en\/wp-json\/wp\/v2\/users\/1724"}],"replies":[{"embeddable":true,"href":"https:\/\/fcsjelche.umh.es\/en\/wp-json\/wp\/v2\/comments?post=2353"}],"version-history":[{"count":0,"href":"https:\/\/fcsjelche.umh.es\/en\/wp-json\/wp\/v2\/posts\/2353\/revisions"}],"wp:attachment":[{"href":"https:\/\/fcsjelche.umh.es\/en\/wp-json\/wp\/v2\/media?parent=2353"}],"wp:term":[{"taxonomy":"category","embeddable":true,"href":"https:\/\/fcsjelche.umh.es\/en\/wp-json\/wp\/v2\/categories?post=2353"},{"taxonomy":"post_tag","embeddable":true,"href":"https:\/\/fcsjelche.umh.es\/en\/wp-json\/wp\/v2\/tags?post=2353"}],"curies":[{"name":"wp","href":"https:\/\/api.w.org\/{rel}","templated":true}]}}