{"id":2600,"date":"2023-05-04T08:51:40","date_gmt":"2023-05-04T06:51:40","guid":{"rendered":"https:\/\/fcsjelche.umh.es\/?p=2600"},"modified":"2023-05-04T08:52:05","modified_gmt":"2023-05-04T06:52:05","slug":"conferencia-economia-y-politica-social-en-la-union-europea-a-cargo-de-miguel-angel-molto-calvo-catedratico-de-economia-aplicada","status":"publish","type":"post","link":"https:\/\/fcsjelche.umh.es\/en\/2023\/05\/04\/conferencia-economia-y-politica-social-en-la-union-europea-a-cargo-de-miguel-angel-molto-calvo-catedratico-de-economia-aplicada\/","title":{"rendered":"<span lang=\"es\">(Espa\u00f1ol) Conferencia &#8216;Econom\u00eda y Pol\u00edtica Social en la Uni\u00f3n Europea&#8217; a cargo de Miguel \u00c1ngel Molt\u00f3 Calvo, Catedr\u00e1tico de Econom\u00eda Aplicada<\/span>"},"content":{"rendered":"<p class=\"qtranxs-available-languages-message qtranxs-available-languages-message-en\">Sorry, this entry is only available in <a href=\"https:\/\/fcsjelche.umh.es\/es\/wp-json\/wp\/v2\/posts\/2600\" class=\"qtranxs-available-language-link qtranxs-available-language-link-es\" title=\"Espa\u00f1ol\">European Spanish<\/a>.<\/p>","protected":false},"excerpt":{"rendered":"<p>Sorry, this entry is only available in European Spanish.<\/p>\n","protected":false},"author":1724,"featured_media":0,"comment_status":"closed","ping_status":"open","sticky":false,"template":"","format":"standard","meta":{"_links_to":"","_links_to_target":""},"categories":[1362655,2183,260],"tags":[],"_links":{"self":[{"href":"https:\/\/fcsjelche.umh.es\/en\/wp-json\/wp\/v2\/posts\/2600"}],"collection":[{"href":"https:\/\/fcsjelche.umh.es\/en\/wp-json\/wp\/v2\/posts"}],"about":[{"href":"https:\/\/fcsjelche.umh.es\/en\/wp-json\/wp\/v2\/types\/post"}],"author":[{"embeddable":true,"href":"https:\/\/fcsjelche.umh.es\/en\/wp-json\/wp\/v2\/users\/1724"}],"replies":[{"embeddable":true,"href":"https:\/\/fcsjelche.umh.es\/en\/wp-json\/wp\/v2\/comments?post=2600"}],"version-history":[{"count":0,"href":"https:\/\/fcsjelche.umh.es\/en\/wp-json\/wp\/v2\/posts\/2600\/revisions"}],"wp:attachment":[{"href":"https:\/\/fcsjelche.umh.es\/en\/wp-json\/wp\/v2\/media?parent=2600"}],"wp:term":[{"taxonomy":"category","embeddable":true,"href":"https:\/\/fcsjelche.umh.es\/en\/wp-json\/wp\/v2\/categories?post=2600"},{"taxonomy":"post_tag","embeddable":true,"href":"https:\/\/fcsjelche.umh.es\/en\/wp-json\/wp\/v2\/tags?post=2600"}],"curies":[{"name":"wp","href":"https:\/\/api.w.org\/{rel}","templated":true}]}}