{"id":4598,"date":"2026-03-03T06:35:23","date_gmt":"2026-03-03T05:35:23","guid":{"rendered":"https:\/\/fcsjelche.umh.es\/?p=4598"},"modified":"2026-03-03T06:35:23","modified_gmt":"2026-03-03T05:35:23","slug":"moda-y-cine-en-dialogo-presentacion-de-la-fashion-cinem","status":"publish","type":"post","link":"https:\/\/fcsjelche.umh.es\/en\/2026\/03\/03\/moda-y-cine-en-dialogo-presentacion-de-la-fashion-cinem\/","title":{"rendered":"<span lang=\"es\">(Espa\u00f1ol) Moda y cine en di\u00e1logo: presentaci\u00f3n de la Fashion Cinem<\/span>"},"content":{"rendered":"<p class=\"qtranxs-available-languages-message qtranxs-available-languages-message-en\">Sorry, this entry is only available in <a href=\"https:\/\/fcsjelche.umh.es\/es\/wp-json\/wp\/v2\/posts\/4598\" class=\"qtranxs-available-language-link qtranxs-available-language-link-es\" title=\"Espa\u00f1ol\">European Spanish<\/a>.<\/p>","protected":false},"excerpt":{"rendered":"<p>Sorry, this entry is only available in European Spanish.<\/p>\n","protected":false},"author":3712,"featured_media":0,"comment_status":"closed","ping_status":"open","sticky":false,"template":"","format":"standard","meta":{"_links_to":"","_links_to_target":""},"categories":[1391586],"tags":[],"_links":{"self":[{"href":"https:\/\/fcsjelche.umh.es\/en\/wp-json\/wp\/v2\/posts\/4598"}],"collection":[{"href":"https:\/\/fcsjelche.umh.es\/en\/wp-json\/wp\/v2\/posts"}],"about":[{"href":"https:\/\/fcsjelche.umh.es\/en\/wp-json\/wp\/v2\/types\/post"}],"author":[{"embeddable":true,"href":"https:\/\/fcsjelche.umh.es\/en\/wp-json\/wp\/v2\/users\/3712"}],"replies":[{"embeddable":true,"href":"https:\/\/fcsjelche.umh.es\/en\/wp-json\/wp\/v2\/comments?post=4598"}],"version-history":[{"count":0,"href":"https:\/\/fcsjelche.umh.es\/en\/wp-json\/wp\/v2\/posts\/4598\/revisions"}],"wp:attachment":[{"href":"https:\/\/fcsjelche.umh.es\/en\/wp-json\/wp\/v2\/media?parent=4598"}],"wp:term":[{"taxonomy":"category","embeddable":true,"href":"https:\/\/fcsjelche.umh.es\/en\/wp-json\/wp\/v2\/categories?post=4598"},{"taxonomy":"post_tag","embeddable":true,"href":"https:\/\/fcsjelche.umh.es\/en\/wp-json\/wp\/v2\/tags?post=4598"}],"curies":[{"name":"wp","href":"https:\/\/api.w.org\/{rel}","templated":true}]}}