{"id":4645,"date":"2026-03-26T17:06:35","date_gmt":"2026-03-26T16:06:35","guid":{"rendered":"https:\/\/fcsjelche.umh.es\/?p=4645"},"modified":"2026-03-26T19:31:27","modified_gmt":"2026-03-26T18:31:27","slug":"la-facultad-de-ciencias-sociales-y-juridicas-de-elche-refuerza-su-proyeccion-internacional-con-la-universidad-provincial-de-cordoba-argentina","status":"publish","type":"post","link":"https:\/\/fcsjelche.umh.es\/en\/2026\/03\/26\/la-facultad-de-ciencias-sociales-y-juridicas-de-elche-refuerza-su-proyeccion-internacional-con-la-universidad-provincial-de-cordoba-argentina\/","title":{"rendered":"<span lang=\"es\">(Espa\u00f1ol) La Facultad de Ciencias Sociales y Jur\u00eddicas de Elche refuerza su proyecci\u00f3n internacional con la Universidad Provincial de C\u00f3rdoba (Argentina)<\/span>"},"content":{"rendered":"<p class=\"qtranxs-available-languages-message qtranxs-available-languages-message-en\">Sorry, this entry is only available in <a href=\"https:\/\/fcsjelche.umh.es\/es\/wp-json\/wp\/v2\/posts\/4645\" class=\"qtranxs-available-language-link qtranxs-available-language-link-es\" title=\"Espa\u00f1ol\">European Spanish<\/a>.<\/p>","protected":false},"excerpt":{"rendered":"<p>Sorry, this entry is only available in European Spanish.<\/p>\n","protected":false},"author":3712,"featured_media":0,"comment_status":"closed","ping_status":"open","sticky":false,"template":"","format":"standard","meta":{"_links_to":"","_links_to_target":""},"categories":[1362655],"tags":[],"_links":{"self":[{"href":"https:\/\/fcsjelche.umh.es\/en\/wp-json\/wp\/v2\/posts\/4645"}],"collection":[{"href":"https:\/\/fcsjelche.umh.es\/en\/wp-json\/wp\/v2\/posts"}],"about":[{"href":"https:\/\/fcsjelche.umh.es\/en\/wp-json\/wp\/v2\/types\/post"}],"author":[{"embeddable":true,"href":"https:\/\/fcsjelche.umh.es\/en\/wp-json\/wp\/v2\/users\/3712"}],"replies":[{"embeddable":true,"href":"https:\/\/fcsjelche.umh.es\/en\/wp-json\/wp\/v2\/comments?post=4645"}],"version-history":[{"count":0,"href":"https:\/\/fcsjelche.umh.es\/en\/wp-json\/wp\/v2\/posts\/4645\/revisions"}],"wp:attachment":[{"href":"https:\/\/fcsjelche.umh.es\/en\/wp-json\/wp\/v2\/media?parent=4645"}],"wp:term":[{"taxonomy":"category","embeddable":true,"href":"https:\/\/fcsjelche.umh.es\/en\/wp-json\/wp\/v2\/categories?post=4645"},{"taxonomy":"post_tag","embeddable":true,"href":"https:\/\/fcsjelche.umh.es\/en\/wp-json\/wp\/v2\/tags?post=4645"}],"curies":[{"name":"wp","href":"https:\/\/api.w.org\/{rel}","templated":true}]}}