{"id":4678,"date":"2026-04-21T13:36:09","date_gmt":"2026-04-21T11:36:09","guid":{"rendered":"https:\/\/fcsjelche.umh.es\/?p=4678"},"modified":"2026-04-21T16:00:47","modified_gmt":"2026-04-21T14:00:47","slug":"la-umh-participa-en-medmoda-2026-junto-a-casa-mediterraneo-a-traves-del-grado-en-gestion-de-tecnologia-y-moda","status":"publish","type":"post","link":"https:\/\/fcsjelche.umh.es\/en\/2026\/04\/21\/la-umh-participa-en-medmoda-2026-junto-a-casa-mediterraneo-a-traves-del-grado-en-gestion-de-tecnologia-y-moda\/","title":{"rendered":"<span lang=\"es\">(Espa\u00f1ol) La UMH participa en MedMODA 2026 junto a Casa Mediterr\u00e1neo a trav\u00e9s del Grado en Gesti\u00f3n de Tecnolog\u00eda y Moda<\/span>"},"content":{"rendered":"<p class=\"qtranxs-available-languages-message qtranxs-available-languages-message-en\">Sorry, this entry is only available in <a href=\"https:\/\/fcsjelche.umh.es\/es\/wp-json\/wp\/v2\/posts\/4678\" class=\"qtranxs-available-language-link qtranxs-available-language-link-es\" title=\"Espa\u00f1ol\">European Spanish<\/a>.<\/p>","protected":false},"excerpt":{"rendered":"<p>Sorry, this entry is only available in European Spanish.<\/p>\n","protected":false},"author":3712,"featured_media":0,"comment_status":"closed","ping_status":"open","sticky":false,"template":"","format":"standard","meta":{"_links_to":"","_links_to_target":""},"categories":[1362655,367229,1391586],"tags":[],"_links":{"self":[{"href":"https:\/\/fcsjelche.umh.es\/en\/wp-json\/wp\/v2\/posts\/4678"}],"collection":[{"href":"https:\/\/fcsjelche.umh.es\/en\/wp-json\/wp\/v2\/posts"}],"about":[{"href":"https:\/\/fcsjelche.umh.es\/en\/wp-json\/wp\/v2\/types\/post"}],"author":[{"embeddable":true,"href":"https:\/\/fcsjelche.umh.es\/en\/wp-json\/wp\/v2\/users\/3712"}],"replies":[{"embeddable":true,"href":"https:\/\/fcsjelche.umh.es\/en\/wp-json\/wp\/v2\/comments?post=4678"}],"version-history":[{"count":0,"href":"https:\/\/fcsjelche.umh.es\/en\/wp-json\/wp\/v2\/posts\/4678\/revisions"}],"wp:attachment":[{"href":"https:\/\/fcsjelche.umh.es\/en\/wp-json\/wp\/v2\/media?parent=4678"}],"wp:term":[{"taxonomy":"category","embeddable":true,"href":"https:\/\/fcsjelche.umh.es\/en\/wp-json\/wp\/v2\/categories?post=4678"},{"taxonomy":"post_tag","embeddable":true,"href":"https:\/\/fcsjelche.umh.es\/en\/wp-json\/wp\/v2\/tags?post=4678"}],"curies":[{"name":"wp","href":"https:\/\/api.w.org\/{rel}","templated":true}]}}